{"id":5014,"date":"2024-12-02T14:52:01","date_gmt":"2024-12-02T17:52:01","guid":{"rendered":"https:\/\/www.admethics.com\/?p=5014"},"modified":"2024-12-02T14:54:08","modified_gmt":"2024-12-02T17:54:08","slug":"ethics-between-public-administration-and-business-the-case-of-artificial-intelligence","status":"publish","type":"post","link":"https:\/\/www.admethics.com\/br\/ethics-between-public-administration-and-business-the-case-of-artificial-intelligence\/2024\/","title":{"rendered":"A \u00e9tica entre a Administra\u00e7\u00e3o P\u00fablica e de Empresas: o caso da Intelig\u00eancia Artificial"},"content":{"rendered":"\n<p>Gostaria de discutir, a partir desse texto, a conex\u00e3o entre a administra\u00e7\u00e3o p\u00fablica e empresarial. Busco destacar que para investigarmos sobre \u00e9tica devemos considerar a conex\u00e3o entre os setores p\u00fablicos e privados. Entendo que uma vis\u00e3o separada entre agentes privados, de um lado, e organiza\u00e7\u00f5es p\u00fablicas de outro, n\u00e3o daria conta de captar compreensivamente a \u00e9tica envolvida em atividades complexas. Esse \u00e9 um aspecto crucial, se queremos entender como tais pr\u00e1ticas contribuem para o bem comum.<\/p>\n\n\n\n<p>Por que essa quest\u00e3o? O motivo mais recente se deve \u00e0s amplas transforma\u00e7\u00f5es que a intelig\u00eancia artificial (IA) representa para a humanidade. Outra motiva\u00e7\u00e3o vem da minha experi\u00eancia em ambos os setores, p\u00fablico e privado, o que me permitiu entender pontos em comum e diferen\u00e7as entre eles.&nbsp;&nbsp;&nbsp;&nbsp;<\/p>\n\n\n\n<p>No contexto brasileiro, no entanto, parece haver um atrito entre as \u00e1reas, o que pode reduzir as chances dessa abordagem compreensiva acontecer. Parte desse impasse reside na suposi\u00e7\u00e3o de que os interesses dos atores p\u00fablicos e privados sejam distintos, mas na pr\u00e1tica nem sempre \u00e9 assim. Por vezes sentimos falta do <em>ethos<\/em> da profiss\u00e3o na forma de atuar dos agentes; por vezes profissionais se conformam diante de press\u00f5es contextuais.&nbsp;&nbsp;&nbsp;&nbsp;<\/p>\n\n\n\n<p>De todo modo, uma vis\u00e3o separada entre administra\u00e7\u00e3o p\u00fablica e privada em muito reduz a compreens\u00e3o \u00e9tica que se tem sobre os meios, os fins e as circunst\u00e2ncias das a\u00e7\u00f5es. Isso porque os setores p\u00fablicos e privados acabam sendo interdependentes. Lazzarini (2015) muito bem re\u00fane evid\u00eancias disso quando analisa o capitalismo de la\u00e7os. Os estudos sobre cultura brasileira, clientelismo e nepotismo tamb\u00e9m acentuam essa caracter\u00edstica.<\/p>\n\n\n\n<p>Reconhecendo que as investiga\u00e7\u00f5es em \u00e9tica aplicada \u00e0 intelig\u00eancia artificial est\u00e3o crescendo, considero ser importante que fa\u00e7amos uma reflex\u00e3o sobre a m\u00fatua implica\u00e7\u00e3o entre administra\u00e7\u00e3o p\u00fablica e empresarial, ou economia, administra\u00e7\u00e3o e Estado.<\/p>\n\n\n\n<p>V\u00e1rios estudos sobre a intelig\u00eancia artificial reconhecem essa conex\u00e3o, como nos livros de Carissa V\u00e9liz (2020), Mark Coeckelbergh (2022) e Chris Miller (2022). V\u00e9liz (2020) alerta, por exemplo, que a economia de dados e a vigil\u00e2ncia s\u00e3o convenientes para governos e empresas; ambos se ajudam mutuamente para estruturar sistemas de IA. Isso se traduz em riscos para a liberdade e a democracia (Coeckelbergh, 2022).<\/p>\n\n\n\n<p>Por fim, perguntando ao chatGPT \u201co que aconteceria se adot\u00e1ssemos uma perspectiva \u00e9tica que n\u00e3o assume a conex\u00e3o entre Estado e setor privado para tratar da intelig\u00eancia artificial?\u201d, obtive a seguinte resposta:<\/p>\n\n\n\n<p><em>\u201cSe adot\u00e1ssemos uma perspectiva \u00e9tica que n\u00e3o assume a conex\u00e3o entre Estado e setor privado no tratamento da intelig\u00eancia artificial (IA), correr\u00edamos o risco de criar um cen\u00e1rio fragmentado e insuficiente para lidar com os desafios complexos e interconectados desse campo. Essa abordagem negligenciaria a natureza colaborativa e interdependente da inova\u00e7\u00e3o tecnol\u00f3gica, resultando em diversas consequ\u00eancias negativas, tanto para o desenvolvimento quanto para a regula\u00e7\u00e3o da IA.\u201d<\/em><\/p>\n\n\n\n<p>Concluindo, o que tentei refor\u00e7ar com o caso da \u00e9tica da intelig\u00eancia artificial \u00e9 que dever\u00edamos reconhecer mais enfaticamente a rela\u00e7\u00e3o entre a administra\u00e7\u00e3o p\u00fablica e privada. No cotidiano, notamos como ambas se conectam por suas rela\u00e7\u00f5es, agentes e interesses. Se quisermos entender os reais dilemas \u00e9ticos dos agentes e as circunst\u00e2ncias para o seu crescimento em virtudes, devemos considerar a conex\u00e3o entre os setores p\u00fablico e privado.&nbsp;<\/p>\n\n\n\n<p><strong>REFER\u00caNCIAS<\/strong><\/p>\n\n\n\n<p>Coeckelbergh, M. (2022). <em>The political philosophy of AI: an introduction<\/em>. Cambridge: Polity Press.<\/p>\n\n\n\n<p>Lazzarini, S. (2011).<em> Capitalismo de la\u00e7os: os donos do Brasil e suas conex\u00f5es<\/em>. Rio de Janeiro: Elsevier.<\/p>\n\n\n\n<p>Miller, C. (2022). <em>Chip war: the fight for the world\u2019s most critical technology<\/em>. New york: Scribner. V\u00e9liz, C. (2020). <em>Privacy is power: why and how you should take back control of your data<\/em>. London: Penguin Random House.<\/p>\n","protected":false},"excerpt":{"rendered":"<p>Gostaria de discutir, a partir desse texto, a conex\u00e3o entre a administra\u00e7\u00e3o p\u00fablica e empresarial. Busco destacar que para investigarmos sobre \u00e9tica devemos considerar a conex\u00e3o entre os setores p\u00fablicos e privados. Entendo que uma vis\u00e3o separada entre agentes privados, de um lado, e organiza\u00e7\u00f5es p\u00fablicas de outro, n\u00e3o daria conta de captar compreensivamente a [&hellip;]<\/p>\n","protected":false},"author":11,"featured_media":5015,"comment_status":"closed","ping_status":"closed","sticky":false,"template":"","format":"standard","meta":{"footnotes":""},"categories":[3],"tags":[],"class_list":["post-5014","post","type-post","status-publish","format-standard","has-post-thumbnail","hentry","category-articles"],"translation":{"provider":"WPGlobus","version":"3.0.2","language":"br","enabled_languages":["en","br"],"languages":{"en":{"title":true,"content":true,"excerpt":false},"br":{"title":true,"content":true,"excerpt":false}}},"blog_post_layout_featured_media_urls":{"thumbnail":["https:\/\/www.admethics.com\/wp-content\/uploads\/2024\/12\/futuristic-business-scene-with-ultra-modern-ambiance-150x150.jpg",150,150,true],"full":["https:\/\/www.admethics.com\/wp-content\/uploads\/2024\/12\/futuristic-business-scene-with-ultra-modern-ambiance-scaled-e1733161872113.jpg",1500,1000,false]},"categories_names":{"3":{"name":"Articles","link":"https:\/\/www.admethics.com\/br\/category\/articles\/"}},"tags_names":[],"comments_number":"0","_links":{"self":[{"href":"https:\/\/www.admethics.com\/br\/wp-json\/wp\/v2\/posts\/5014","targetHints":{"allow":["GET"]}}],"collection":[{"href":"https:\/\/www.admethics.com\/br\/wp-json\/wp\/v2\/posts"}],"about":[{"href":"https:\/\/www.admethics.com\/br\/wp-json\/wp\/v2\/types\/post"}],"author":[{"embeddable":true,"href":"https:\/\/www.admethics.com\/br\/wp-json\/wp\/v2\/users\/11"}],"replies":[{"embeddable":true,"href":"https:\/\/www.admethics.com\/br\/wp-json\/wp\/v2\/comments?post=5014"}],"version-history":[{"count":2,"href":"https:\/\/www.admethics.com\/br\/wp-json\/wp\/v2\/posts\/5014\/revisions"}],"predecessor-version":[{"id":5018,"href":"https:\/\/www.admethics.com\/br\/wp-json\/wp\/v2\/posts\/5014\/revisions\/5018"}],"wp:featuredmedia":[{"embeddable":true,"href":"https:\/\/www.admethics.com\/br\/wp-json\/wp\/v2\/media\/5015"}],"wp:attachment":[{"href":"https:\/\/www.admethics.com\/br\/wp-json\/wp\/v2\/media?parent=5014"}],"wp:term":[{"taxonomy":"category","embeddable":true,"href":"https:\/\/www.admethics.com\/br\/wp-json\/wp\/v2\/categories?post=5014"},{"taxonomy":"post_tag","embeddable":true,"href":"https:\/\/www.admethics.com\/br\/wp-json\/wp\/v2\/tags?post=5014"}],"curies":[{"name":"wp","href":"https:\/\/api.w.org\/{rel}","templated":true}]}}