{"id":4888,"date":"2024-10-04T07:13:00","date_gmt":"2024-10-04T10:13:00","guid":{"rendered":"https:\/\/www.admethics.com\/?p=4888"},"modified":"2024-10-31T15:18:38","modified_gmt":"2024-10-31T18:18:38","slug":"prudence-the-essential-virtue-for-ethical-leadership-in-management","status":"publish","type":"post","link":"https:\/\/www.admethics.com\/br\/prudence-the-essential-virtue-for-ethical-leadership-in-management\/2024\/","title":{"rendered":"Prud\u00eancia: A Virtude Essencial para a Lideran\u00e7a \u00c9tica na Administra\u00e7\u00e3o"},"content":{"rendered":"\n<p>Jos\u00e9 estava exausto. Como o novo l\u00edder de uma <em>startup<\/em> de tecnologia em pleno crescimento, a press\u00e3o era imensa. Todo dia trazia uma nova crise que demandava uma solu\u00e7\u00e3o imediata. Nunca parecia haver horas suficientes no dia para realmente parar e pensar as coisas com cuidado.<\/p>\n\n\n\n<p>Jos\u00e9 sabia que decis\u00f5es precipitadas muitas vezes levavam a consequ\u00eancias indesejadas no futuro. Mas como poderia criar espa\u00e7o para uma reflex\u00e3o cuidadosa quando as demandas do neg\u00f3cio nunca diminu\u00edam?<\/p>\n\n\n\n<p>Uma noite, ap\u00f3s mais uma reuni\u00e3o, Jos\u00e9 se perguntou se n\u00e3o haveria uma forma melhor de lidar com a situa\u00e7\u00e3o. Ele pensou no seu mentor, que sempre tomava tempo para considerar todos os lados de uma quest\u00e3o antes de agir. Havia uma calma e clareza na lideran\u00e7a de seu mentor que Jos\u00e9 admirava.<\/p>\n\n\n\n<p>No dia seguinte, Jos\u00e9 fechou a porta do seu escrit\u00f3rio e cancelou a agenda. Pela primeira vez em meses, ele se permitiu respirar. Enquanto os problemas e as solu\u00e7\u00f5es propostas passavam por sua mente, Jos\u00e9 trabalhou conscientemente para desacelerar o seu pensamento, para olhar os desafios de v\u00e1rias perspectivas.<\/p>\n\n\n\n<p>Foi um trabalho dif\u00edcil e lento. Mas daquela solid\u00e3o surgiu algo um tanto estranho. Jos\u00e9 percebeu que poderia tomar melhores decis\u00f5es que equilibrassem a urg\u00eancia com o cuidado pelos impactos de longo prazo. Sua lideran\u00e7a, agora mais ponderada, mudou qualitativamente.<\/p>\n\n\n\n<p>O que despertou em Jos\u00e9? Vamos tentar entend\u00ea-lo da perspectiva de uma virtude: a prud\u00eancia.<\/p>\n\n\n\n<p>A \u00e9tica das virtudes, proposta por Arist\u00f3teles e amplamente desenvolvida por Tom\u00e1s de Aquino, oferece um arcabou\u00e7o filos\u00f3fico para a tomada de decis\u00f5es no campo da Administra\u00e7\u00e3o, especialmente sob o prisma da <em>business ethics<\/em>. No centro dessa \u00e9tica est\u00e1 a virtude da <strong>prud\u00eancia<\/strong> (em grego <em>phronesis; <\/em>em latim<em> pro videntia, <\/em>aquele que v\u00ea antes ou aquele que v\u00ea adiante), tamb\u00e9m traduzida como <strong>sabedoria pr\u00e1tica<\/strong>. Ao contr\u00e1rio de uma simples habilidade t\u00e9cnica, a prud\u00eancia \u00e9 uma qualidade moral que orienta o indiv\u00edduo a deliberar, julgar e agir de forma adequada em qualquer circunst\u00e2ncia, sempre em busca do bem verdadeiro. Na Administra\u00e7\u00e3o e lideran\u00e7a, a prud\u00eancia \u00e9 essencial, pois d\u00e1 \u201ca medida\u201d, organiza e direciona todas as outras virtudes &#8211; como a justi\u00e7a, a coragem e a temperan\u00e7a &#8211; no processo de tomada de decis\u00e3o. O l\u00edder prudente n\u00e3o apenas discerne as melhores op\u00e7\u00f5es, mas tamb\u00e9m executa suas decis\u00f5es de forma eficiente, levando em conta as realidades concretas que envolvem cada situa\u00e7\u00e3o.<\/p>\n\n\n\n<p>Na filosofia aristot\u00e9lica, a prud\u00eancia \u00e9 entendida como a capacidade de conectar princ\u00edpios universais a situa\u00e7\u00f5es particulares, de modo a escolher os meios corretos para alcan\u00e7ar os fins almejados, coerentemente com tais princ\u00edpios. No contexto administrativo, isso significa que o gestor prudente \u00e9 aquele que sabe analisar a realidade da sua empresa e do mercado, ponderando os pr\u00f3s e contras de cada decis\u00e3o, sempre com base em dados concretos e experi\u00eancias passadas. Al\u00e9m disso, a prud\u00eancia implica em uma a\u00e7\u00e3o moralmente correta, que n\u00e3o visa apenas o sucesso imediato ou o lucro a qualquer custo, mas a sustentabilidade e o bem-estar de todos os envolvidos: colaboradores, clientes, fornecedores e a comunidade. Como mencionado pelo fil\u00f3sofo Josef Pieper, a prud\u00eancia \u00e9 a \u201carte de decidir corretamente\u201d e, portanto, quem domina essa arte pode ser considerado moralmente maduro. Esse dom\u00ednio, por\u00e9m, n\u00e3o \u00e9 inato, mas adquirido por meio da experi\u00eancia e do exerc\u00edcio cont\u00ednuo da reflex\u00e3o e da delibera\u00e7\u00e3o.<\/p>\n\n\n\n<p>A aplica\u00e7\u00e3o da virtude da prud\u00eancia na Administra\u00e7\u00e3o requer um processo decis\u00f3rio que passa por tr\u00eas etapas fundamentais: deliberar com maturidade, decidir com sabedoria e executar com firmeza. Um l\u00edder prudente, ao deliberar, considera cuidadosamente todos os aspectos de uma situa\u00e7\u00e3o, reconhecendo suas limita\u00e7\u00f5es e evitando a precipita\u00e7\u00e3o. Ao decidir, ele age com a simplicidade que se alinha \u00e0 retid\u00e3o moral, evitando que sua decis\u00e3o seja distorcida por paix\u00f5es ou interesses mesquinhos. Finalmente, ao executar, o l\u00edder prudente \u00e9 r\u00e1pido, por\u00e9m diligente, mantendo-se fiel ao que foi deliberado e decidido. O desafio est\u00e1 em transformar a an\u00e1lise te\u00f3rica da realidade em a\u00e7\u00e3o concreta, sem perder de vista o bem comum.<\/p>\n\n\n\n<p>Os obst\u00e1culos para aplicar a prud\u00eancia na Administra\u00e7\u00e3o s\u00e3o diversos e complexos, especialmente no contexto corporativo contempor\u00e2neo:<\/p>\n\n\n\n<p>1. Press\u00e3o por resultados imediatos: no mundo dos neg\u00f3cios h\u00e1 uma constante press\u00e3o por resultados r\u00e1pidos e lucros crescentes. Isso pode levar os l\u00edderes a tomarem decis\u00f5es precipitadas, sem a devida reflex\u00e3o e considera\u00e7\u00e3o das consequ\u00eancias a longo prazo.<\/p>\n\n\n\n<p>2. Complexidade e incerteza: As organiza\u00e7\u00f5es operam em ambientes cada vez mais complexos e incertos, com m\u00faltiplas vari\u00e1veis e <em>stakeholders<\/em> a serem considerados. Isso dificulta o exerc\u00edcio da prud\u00eancia, que requer uma compreens\u00e3o clara da realidade e das rela\u00e7\u00f5es de causa e efeito.<\/p>\n\n\n\n<p>3. Conflito entre valores e interesses: nem sempre os interesses da organiza\u00e7\u00e3o est\u00e3o alinhados com os valores \u00e9ticos. O l\u00edder prudente precisa ser capaz de discernir o verdadeiro bem e resistir \u00e0s press\u00f5es para comprometer os princ\u00edpios em nome de ganhos de curto prazo.<\/p>\n\n\n\n<p>4. Falta de tempo para reflex\u00e3o: a atual velocidade no ambiente do trabalho deixa pouco tempo para a reflex\u00e3o aprofundada que a prud\u00eancia requer. Os l\u00edderes s\u00e3o constantemente bombardeados com informa\u00e7\u00f5es e demandas, o que dificulta a cria\u00e7\u00e3o de um espa\u00e7o para a delibera\u00e7\u00e3o madura.<\/p>\n\n\n\n<p>5. Cultura organizacional imediatista: muitas organiza\u00e7\u00f5es t\u00eam culturas que valorizam a a\u00e7\u00e3o r\u00e1pida e decisiva, em detrimento da reflex\u00e3o cuidadosa. Isso pode criar uma press\u00e3o para se conformar e desencorajar o exerc\u00edcio da prud\u00eancia.<\/p>\n\n\n\n<p>6. Excesso de confian\u00e7a: l\u00edderes bem-sucedidos podem ser tentados a confiar excessivamente em seu pr\u00f3prio julgamento, negligenciando a necessidade da humildade e de buscar conselhos de outros. Isso pode levar a decis\u00f5es imprudentes.<\/p>\n\n\n\n<p>7. Gerenciamento de riscos: a prud\u00eancia requer um equil\u00edbrio cuidadoso entre a precau\u00e7\u00e3o e a ousadia. L\u00edderes podem ter dificuldade em discernir o n\u00edvel apropriado de risco a ser assumido em diferentes situa\u00e7\u00f5es.<\/p>\n\n\n\n<p>Superar esses desafios requer um comprometimento consciente com o cultivo da virtude da prud\u00eancia, al\u00e9m de mudan\u00e7as nas culturas e sistemas organizacionais para valorizar e recompensar o processo de tomada de decis\u00e3o \u00e9tica e ponderada. L\u00edderes prudentes precisam criar intencionalmente espa\u00e7os para reflex\u00e3o, buscar ativamente conselhos diversos e manter uma clara b\u00fassola moral para guiar suas decis\u00f5es em meio \u00e0 complexidade e press\u00f5es do mundo corporativo.<\/p>\n\n\n\n<p>Como dica pr\u00e1tica, cultivar o h\u00e1bito da reflex\u00e3o, do di\u00e1logo e do conselho com pessoas s\u00e1bias e experientes \u00e9 um caminho seguro para o desenvolvimento da prud\u00eancia. A express\u00e3o popular \u201c<em>cai na real<\/em>\u201d serve como um lembrete oportuno para permanecer conectado \u00e0 realidade concreta, evitando ilus\u00f5es, racionaliza\u00e7\u00f5es ou justificativas infundadas. Num mundo corporativo tantas vezes marcado pelo imediatismo e pela press\u00e3o por resultados, ter tempo suficiente para pensar antes de agir e agir com prontid\u00e3o e firmeza uma vez que a decis\u00e3o correta tenha sido tomada, pode ser o diferencial de uma lideran\u00e7a verdadeiramente \u00e9tica e eficaz. Nesse caso, ser <strong>ousado<\/strong> faz parte de ser prudente. <\/p>\n\n\n\n<p>* Este texto faz parte de uma experi\u00eancia com a IA Generativa. A partir de minhas anota\u00e7\u00f5es de aulas e palestras, utilizei v\u00e1rios <em>bots<\/em> de IA para compor o texto, finalizado com a minha pr\u00f3pria edi\u00e7\u00e3o.<\/p>\n","protected":false},"excerpt":{"rendered":"<p>Jos\u00e9 estava exausto. Como o novo l\u00edder de uma startup de tecnologia em pleno crescimento, a press\u00e3o era imensa. Todo dia trazia uma nova crise que demandava uma solu\u00e7\u00e3o imediata. Nunca parecia haver horas suficientes no dia para realmente parar e pensar as coisas com cuidado. Jos\u00e9 sabia que decis\u00f5es precipitadas muitas vezes levavam a [&hellip;]<\/p>\n","protected":false},"author":4,"featured_media":4897,"comment_status":"closed","ping_status":"closed","sticky":false,"template":"","format":"standard","meta":{"footnotes":""},"categories":[3],"tags":[581,292,129],"class_list":["post-4888","post","type-post","status-publish","format-standard","has-post-thumbnail","hentry","category-articles","tag-organizational-culture","tag-prudence","tag-virtues"],"translation":{"provider":"WPGlobus","version":"3.0.2","language":"br","enabled_languages":["en","br"],"languages":{"en":{"title":true,"content":true,"excerpt":false},"br":{"title":true,"content":true,"excerpt":false}}},"blog_post_layout_featured_media_urls":{"thumbnail":["https:\/\/www.admethics.com\/wp-content\/uploads\/2024\/10\/Prudencia-1-e1728315008880-150x150.jpg",150,150,true],"full":["https:\/\/www.admethics.com\/wp-content\/uploads\/2024\/10\/Prudencia-1-e1728315008880.jpg",470,291,false]},"categories_names":{"3":{"name":"Articles","link":"https:\/\/www.admethics.com\/br\/category\/articles\/"}},"tags_names":{"581":{"name":"organizational culture","link":"https:\/\/www.admethics.com\/br\/tag\/organizational-culture\/"},"292":{"name":"prudence","link":"https:\/\/www.admethics.com\/br\/tag\/prudence\/"},"129":{"name":"virtues","link":"https:\/\/www.admethics.com\/br\/tag\/virtues\/"}},"comments_number":"0","_links":{"self":[{"href":"https:\/\/www.admethics.com\/br\/wp-json\/wp\/v2\/posts\/4888","targetHints":{"allow":["GET"]}}],"collection":[{"href":"https:\/\/www.admethics.com\/br\/wp-json\/wp\/v2\/posts"}],"about":[{"href":"https:\/\/www.admethics.com\/br\/wp-json\/wp\/v2\/types\/post"}],"author":[{"embeddable":true,"href":"https:\/\/www.admethics.com\/br\/wp-json\/wp\/v2\/users\/4"}],"replies":[{"embeddable":true,"href":"https:\/\/www.admethics.com\/br\/wp-json\/wp\/v2\/comments?post=4888"}],"version-history":[{"count":2,"href":"https:\/\/www.admethics.com\/br\/wp-json\/wp\/v2\/posts\/4888\/revisions"}],"predecessor-version":[{"id":4892,"href":"https:\/\/www.admethics.com\/br\/wp-json\/wp\/v2\/posts\/4888\/revisions\/4892"}],"wp:featuredmedia":[{"embeddable":true,"href":"https:\/\/www.admethics.com\/br\/wp-json\/wp\/v2\/media\/4897"}],"wp:attachment":[{"href":"https:\/\/www.admethics.com\/br\/wp-json\/wp\/v2\/media?parent=4888"}],"wp:term":[{"taxonomy":"category","embeddable":true,"href":"https:\/\/www.admethics.com\/br\/wp-json\/wp\/v2\/categories?post=4888"},{"taxonomy":"post_tag","embeddable":true,"href":"https:\/\/www.admethics.com\/br\/wp-json\/wp\/v2\/tags?post=4888"}],"curies":[{"name":"wp","href":"https:\/\/api.w.org\/{rel}","templated":true}]}}