{"id":4163,"date":"2023-05-27T14:21:36","date_gmt":"2023-05-27T17:21:36","guid":{"rendered":"https:\/\/www.admethics.com\/?p=4163"},"modified":"2023-05-30T14:52:13","modified_gmt":"2023-05-30T17:52:13","slug":"about-not-believing-in-your-own-eyes","status":"publish","type":"post","link":"https:\/\/www.admethics.com\/br\/about-not-believing-in-your-own-eyes\/2023\/","title":{"rendered":"Sobre n\u00e3o acreditar nos pr\u00f3prios olhos"},"content":{"rendered":"\n<p>Recentemente circulou na internet uma imagem do Papa Francisco usando uma volumosa jaqueta branca, no estilo de alguma celebridade em um evento de Hollywood, e embora pare\u00e7a apenas mais um \u201cmeme\u201d gerado a partir de Intelig\u00eancia Artificial, fez-me pensar sobre o nebuloso caminho em que estamos entrando na internet, onde o discernimento do que \u00e9 verdadeiro e do que \u00e9 falso est\u00e1 cada vez mais distante dos olhos, e pr\u00f3ximo do cora\u00e7\u00e3o, mas ao olhar, contamina-se o cora\u00e7\u00e3o; como bem disse o t\u00edtulo da mat\u00e9ria do CG: \u201cThe Pope Francis Puffer Photo Was Real in Our Hearts\u201d. Como, ent\u00e3o, utilizar um dispositivo onde os v\u00eddeos, imagens, pessoas com quem voc\u00ea fala por chat ou mensagem de voz podem ter sido gerados por IA e est\u00e3o progressivamente mais indiscern\u00edveis de pessoas que realmente existem?<br>Se hoje, massivamente, todos forem bombardeados por v\u00eddeos &#8211; em sites de not\u00edcias e aplicativos de conversa &#8211; de uma invas\u00e3o alien\u00edgena em algum lugar do mundo, de um ataque de bomba nuclear, de pessoas fazendo sinais milagrosos; como posso acreditar no que estarei vendo? Hoje, \u00e9 absolutamente indiscern\u00edvel. Mas ent\u00e3o \u00e9 para parar de usar os dispositivos e a internet? Hoje, \u00e9 absolutamente imposs\u00edvel, a n\u00e3o ser que voc\u00ea prefira virar um p\u00e1ria ou monge estilita.<br>A outra alternativa para solucionar o problema sem abdicar dos benef\u00edcios cient\u00edficos modernos seria aderindo digitalmente a algo parecido com seu documento de identidade governamental, assim, os usu\u00e1rios e os conte\u00fados por eles criados e publicados na internet podem ser rastreados a uma pessoa real, a partir dessa identidade digital, universal e mundial; que, \u00e9 claro, s\u00f3 poder\u00e1 ser criada globalmente, por alguma nova organiza\u00e7\u00e3o mundial que trar\u00e1 esta grande e aguardada solu\u00e7\u00e3o, quando todos estiverem clamando por alguma institui\u00e7\u00e3o que os diga o que \u00e9 e o que n\u00e3o \u00e9 real.<br>Ent\u00e3o me pergunto: o que seria pior? Dar controle total ao governo sobre quem sou e o que fa\u00e7o na internet; ou virar um p\u00e1ria que n\u00e3o pode ter conta no banco porque as institui\u00e7\u00f5es banc\u00e1rias consideram como IA quem n\u00e3o tem a marca da identidade digital. N\u00e3o sei. S\u00f3 sei que estamos em um tempo que exige, cada vez mais, que descubramos quem somos e o que queremos como indiv\u00edduos, antes que esta gera\u00e7\u00e3o nos imponha um caminho e identidade.<\/p>\n","protected":false},"excerpt":{"rendered":"<p>Recentemente circulou na internet uma imagem do Papa Francisco usando uma volumosa jaqueta branca, no estilo de alguma celebridade em um evento de Hollywood, e embora pare\u00e7a apenas mais um \u201cmeme\u201d gerado a partir de Intelig\u00eancia Artificial, fez-me pensar sobre o nebuloso caminho em que estamos entrando na internet, onde o discernimento do que \u00e9 [&hellip;]<\/p>\n","protected":false},"author":31,"featured_media":4166,"comment_status":"closed","ping_status":"closed","sticky":false,"template":"","format":"standard","meta":{"footnotes":""},"categories":[6],"tags":[13,119],"class_list":["post-4163","post","type-post","status-publish","format-standard","has-post-thumbnail","hentry","category-opinion","tag-artificial-intelligence","tag-technology"],"translation":{"provider":"WPGlobus","version":"3.0.2","language":"br","enabled_languages":["en","br"],"languages":{"en":{"title":true,"content":true,"excerpt":false},"br":{"title":true,"content":true,"excerpt":false}}},"blog_post_layout_featured_media_urls":{"thumbnail":["https:\/\/www.admethics.com\/wp-content\/uploads\/2023\/05\/digital-eye-data-network-cyber-security-vector-1-150x150.jpg",150,150,true],"full":["https:\/\/www.admethics.com\/wp-content\/uploads\/2023\/05\/digital-eye-data-network-cyber-security-vector-1.jpg",1525,980,false]},"categories_names":{"6":{"name":"Opinion","link":"https:\/\/www.admethics.com\/br\/category\/opinion\/"}},"tags_names":{"13":{"name":"artificial intelligence","link":"https:\/\/www.admethics.com\/br\/tag\/artificial-intelligence\/"},"119":{"name":"technology","link":"https:\/\/www.admethics.com\/br\/tag\/technology\/"}},"comments_number":"0","_links":{"self":[{"href":"https:\/\/www.admethics.com\/br\/wp-json\/wp\/v2\/posts\/4163","targetHints":{"allow":["GET"]}}],"collection":[{"href":"https:\/\/www.admethics.com\/br\/wp-json\/wp\/v2\/posts"}],"about":[{"href":"https:\/\/www.admethics.com\/br\/wp-json\/wp\/v2\/types\/post"}],"author":[{"embeddable":true,"href":"https:\/\/www.admethics.com\/br\/wp-json\/wp\/v2\/users\/31"}],"replies":[{"embeddable":true,"href":"https:\/\/www.admethics.com\/br\/wp-json\/wp\/v2\/comments?post=4163"}],"version-history":[{"count":5,"href":"https:\/\/www.admethics.com\/br\/wp-json\/wp\/v2\/posts\/4163\/revisions"}],"predecessor-version":[{"id":4174,"href":"https:\/\/www.admethics.com\/br\/wp-json\/wp\/v2\/posts\/4163\/revisions\/4174"}],"wp:featuredmedia":[{"embeddable":true,"href":"https:\/\/www.admethics.com\/br\/wp-json\/wp\/v2\/media\/4166"}],"wp:attachment":[{"href":"https:\/\/www.admethics.com\/br\/wp-json\/wp\/v2\/media?parent=4163"}],"wp:term":[{"taxonomy":"category","embeddable":true,"href":"https:\/\/www.admethics.com\/br\/wp-json\/wp\/v2\/categories?post=4163"},{"taxonomy":"post_tag","embeddable":true,"href":"https:\/\/www.admethics.com\/br\/wp-json\/wp\/v2\/tags?post=4163"}],"curies":[{"name":"wp","href":"https:\/\/api.w.org\/{rel}","templated":true}]}}