{"id":3689,"date":"2022-08-30T16:25:59","date_gmt":"2022-08-30T19:25:59","guid":{"rendered":"https:\/\/www.admethics.com\/?p=3689"},"modified":"2022-08-30T16:26:00","modified_gmt":"2022-08-30T19:26:00","slug":"admethics-researchers-participate-in-7th-isbee-world-congress-in-bilbao-spain-international-society-for-business-ethics-and-economics-2022","status":"publish","type":"post","link":"https:\/\/www.admethics.com\/br\/admethics-researchers-participate-in-7th-isbee-world-congress-in-bilbao-spain-international-society-for-business-ethics-and-economics-2022\/2022\/","title":{"rendered":"<strong>Pesquisadoras do Admethics Participam da <\/strong><strong>7th ISBEE World Congress em Bilbao, Espanha<\/strong><strong>: <\/strong><strong><em>International Society for Business Ethics and Economics<\/em><\/strong><strong> 2022<\/strong>"},"content":{"rendered":"\n<p>Entre os dias 20 e 22 de julho de 2022 a cidade de Bilbao recebeu o Congresso <em>International Society for Business Ethics and Economics<\/em> (ISBEE-2022). Nesta s\u00e9tima edi\u00e7\u00e3o, aguardada desde meados de 2020, mas realizada somente em 2022, devido \u00e0 pandemia do Covid-19, o tema geral da confer\u00eancia foi \u201cReinventando a Globaliza\u00e7\u00e3o: Comunidade, Virtudes e o poder de Prop\u00f3sito\u201d.<\/p>\n\n\n\n<p>A Confer\u00eancia abrange temas de estudo e discuss\u00e3o em quase 40 diferentes<em> tracks <\/em>(<a href=\"https:\/\/www.ehu.eus\/en\/web\/isbee2022\/tracks\">https:\/\/www.ehu.eus\/en\/web\/isbee2022\/tracks<\/a>), dentre os quais podemos citar temas como Lideran\u00e7a \u00e9tica, governan\u00e7a e responsabilidade social corporativa, trabalho com significado, stakeholder management e prop\u00f3sito organizacional, intelig\u00eancia artificial em neg\u00f3cios, sustentabilidade e empreendedorismo social.<\/p>\n\n\n\n<p>Nessa edi\u00e7\u00e3o, participaram mais de 200 pesquisadores de v\u00e1rias nacionalidades, dentre os quais duas pesquisadoras do grupo de pesquisa Admethics, apresentando trabalhos no track <em>Artificial Intelligence (AI) in business<\/em>. A doutoranda Ana Luize Bertoncini apresentou o artigo <em>\u201cEthical content in artificial intelligence: a demand explained by three critical points\u201d <\/em>e a doutora Maria Clara Ames apresentou o paper<em> \u201cArtificial intelligence in digital marketing: a virtue ethics discussion\u201d.<\/em><\/p>\n\n\n\n<p>Na abertura da confer\u00eancia, o presidente da ISBEE, professor Thomas Maak, falou sobre <em>\u201cRadical hope and cosmopolitan futures\u201d<\/em>. Explicou que uma esperan\u00e7a radical requer imagina\u00e7\u00e3o moral para pensar num futuro melhor, considerando os tr\u00e1gicos problemas que afetam o mundo hoje. Segundo o professor, o futuro melhor tamb\u00e9m demanda uma \u00e9tica cosmopolita e de princ\u00edpios \u00e9ticos, legais e pol\u00edticos para uma governan\u00e7a correspons\u00e1vel entre na\u00e7\u00f5es.<\/p>\n\n\n\n<p>No artigo de Ana Luize Bertoncini, em coautoria com Maur\u00edcio Serafim, eles desenvolvem uma linha de argumenta\u00e7\u00e3o em torno de como as mudan\u00e7as trazidas pela intelig\u00eancia artificial (IA) trouxeram novas formas de intera\u00e7\u00e3o e florescimento para as pessoas. Ap\u00f3s um breve quadro sobre porque devemos focar na \u00e9tica da IA, os autores guiaram o debate por meio de tr\u00eas pontos cr\u00edticos: a autonomia, a IA explic\u00e1vel (tamb\u00e9m conhecido como XAI) e o alinhamento de valores (ou VA na sigla em ingl\u00eas). Esta discuss\u00e3o, no entanto, leva para uma reflex\u00e3o sobre a redefini\u00e7\u00e3o da ag\u00eancia da intelig\u00eancia artificial. A proposta \u00e9 dar algum tipo de ag\u00eancia moral para as m\u00e1quinas, mesmo que em um n\u00edvel diferente dos seres humanos, para ser poss\u00edvel uma adapta\u00e7\u00e3o \u00e0s mudan\u00e7as que se consolidando na sociedade.<\/p>\n\n\n\n<p>No estudo de Maria Clara Ames, Dilmar Ames, e Maur\u00edcio Serafim, faz-se uma revis\u00e3o da literatura e pesquisa documental sobre a \u00e9tica no uso de AI no marketing digital. O objetivo de tal estudo \u00e9 compreender em que medida a \u00e9tica da intelig\u00eancia artificial est\u00e1 sendo considerada por estudos e profissionais de marketing digital. Os resultados iniciais apontam para as principais preocupa\u00e7\u00f5es \u00e9ticas presentes no campo e as implica\u00e7\u00f5es para o ser humano considerando a perspectiva da \u00e9tica das virtudes: privacidade de dados e vieses, opacidade dos sistemas e resultados dos mecanismos de busca, pr\u00e1ticas <em>black hat<\/em>, os quais interferem nas rela\u00e7\u00f5es de mercado e nas decis\u00f5es e h\u00e1bitos de consumidores (decis\u00f5es por impulso, v\u00edcio em h\u00e1bitos de consumo e intera\u00e7\u00e3o em m\u00eddias sociais).<\/p>\n\n\n\n<p>Ao longo dos tr\u00eas dias de evento, renomados pesquisadores do campo apresentaram suas ideias e preocupa\u00e7\u00f5es sobre o futuro do capitalismo e da globaliza\u00e7\u00e3o, a partir de seus backgrounds de estudo:<\/p>\n\n\n\n<ul class=\"wp-block-list\"><li>Dani Rodrik, cientista pol\u00edtico da Universidade de Harvard (<a href=\"https:\/\/www.ehu.eus\/en\/web\/isbee2022\/speaker-dani-rodrik\">https:\/\/www.ehu.eus\/en\/web\/isbee2022\/speaker-dani-rodrik<\/a>), apresentou sobre uma Reinven\u00e7\u00e3o da Globaliza\u00e7\u00e3o, no painel composto Georges Enderle (University of Notre Dame), Peter Obio (Gulu University), Florian Wettstein (University of St. Gallen) e Thomas Maak (University of Melbourne);<\/li><li>Axel Honneth (Columbia University\/ University of Frankfurt) (<a href=\"https:\/\/www.ehu.eus\/en\/web\/isbee2022\/speaker-axel-honneth\">https:\/\/www.ehu.eus\/en\/web\/isbee2022\/speaker-axel-honneth<\/a>) discursou sobre Condi\u00e7\u00f5es de Trabalho, Democracia e o Futuro da Globaliza\u00e7\u00e3o e respondeu \u00e0s argui\u00e7\u00f5es dos painelistas Craig Smith (INSEAD), Christopher Michaelson (University of St. Thomas) e Thomas Maak (University of Melbourne);<\/li><li>Ann Rosenberg debateu \u201cO Papel futuro das Mulheres\u201d no painel reflexivo composto tamb\u00e9m pelas professoras Joanne Ciulla (Rutgers University), Daryl Koehn (DePaul University) e Jennifer Griffin (Loyola University) (<a href=\"https:\/\/www.ehu.eus\/en\/web\/isbee2022\/speaker-ann-rosenberg\">https:\/\/www.ehu.eus\/en\/web\/isbee2022\/speaker-ann-rosenberg<\/a>);<\/li><li>Edward Freeman partilhou de sua experi\u00eancia sobre o papel das organiza\u00e7\u00f5es e stakeholders, falando sobre \u201cToward A Global Stakeholder Economy\u201d, no painel formado tamb\u00e9m por Brad Agle (Brigham Young University), Jacob Rendtorff (University of Roskilde) e Leire San Jose (University of the Basque Country) (<a href=\"https:\/\/www.ehu.eus\/en\/web\/isbee2022\/speaker-edward-freeman\">https:\/\/www.ehu.eus\/en\/web\/isbee2022\/speaker-edward-freeman<\/a>).<\/li><\/ul>\n\n\n\n<p>A experi\u00eancia das pesquisadoras do Admethics nessa comunidade de pesquisa permitiu a dissemina\u00e7\u00e3o de tais pesquisas sobre a \u00e9tica na intelig\u00eancia artificial para uma comunidade de acad\u00eamicos e practitioners internacionais. Ao mesmo tempo que percebemos pontos a evoluir, reconhecemos peculiaridades do nosso contexto que tornam essa quest\u00e3o singular em nossa realidade. Essa primeira participa\u00e7\u00e3o de pesquisadores da UDESC\/ESAG em um evento internacional em <em>business ethics<\/em> pode contribuir para futuros estudantes e pesquisadores que desejem se inserir em debates sobre os temas de \u00e9tica em administra\u00e7\u00e3o e economia e oferecer uma contribui\u00e7\u00e3o promissora em termos das redes de pesquisas internacionais que se fortalecem.<\/p>\n","protected":false},"excerpt":{"rendered":"<p>Entre os dias 20 e 22 de julho de 2022 a cidade de Bilbao recebeu o Congresso International Society for Business Ethics and Economics (ISBEE-2022). Nesta s\u00e9tima edi\u00e7\u00e3o, aguardada desde meados de 2020, mas realizada somente em 2022, devido \u00e0 pandemia do Covid-19, o tema geral da confer\u00eancia foi \u201cReinventando a Globaliza\u00e7\u00e3o: Comunidade, Virtudes e [&hellip;]<\/p>\n","protected":false},"author":11,"featured_media":3690,"comment_status":"closed","ping_status":"closed","sticky":false,"template":"","format":"standard","meta":{"footnotes":""},"categories":[1],"tags":[523,522,451,521],"class_list":["post-3689","post","type-post","status-publish","format-standard","has-post-thumbnail","hentry","category-uncategorized","tag-admethics-researchers","tag-conference","tag-ethics","tag-isbee"],"translation":{"provider":"WPGlobus","version":"3.0.2","language":"br","enabled_languages":["en","br"],"languages":{"en":{"title":true,"content":true,"excerpt":false},"br":{"title":true,"content":true,"excerpt":false}}},"blog_post_layout_featured_media_urls":{"thumbnail":["https:\/\/www.admethics.com\/wp-content\/uploads\/2022\/08\/mARIA-CLARA-150x150.jpeg",150,150,true],"full":["https:\/\/www.admethics.com\/wp-content\/uploads\/2022\/08\/mARIA-CLARA.jpeg",2048,945,false]},"categories_names":{"1":{"name":"Uncategorized","link":"https:\/\/www.admethics.com\/br\/category\/uncategorized\/"}},"tags_names":{"523":{"name":"Admethics researchers","link":"https:\/\/www.admethics.com\/br\/tag\/admethics-researchers\/"},"522":{"name":"Conference","link":"https:\/\/www.admethics.com\/br\/tag\/conference\/"},"451":{"name":"Ethics","link":"https:\/\/www.admethics.com\/br\/tag\/ethics\/"},"521":{"name":"ISBEE","link":"https:\/\/www.admethics.com\/br\/tag\/isbee\/"}},"comments_number":"0","_links":{"self":[{"href":"https:\/\/www.admethics.com\/br\/wp-json\/wp\/v2\/posts\/3689","targetHints":{"allow":["GET"]}}],"collection":[{"href":"https:\/\/www.admethics.com\/br\/wp-json\/wp\/v2\/posts"}],"about":[{"href":"https:\/\/www.admethics.com\/br\/wp-json\/wp\/v2\/types\/post"}],"author":[{"embeddable":true,"href":"https:\/\/www.admethics.com\/br\/wp-json\/wp\/v2\/users\/11"}],"replies":[{"embeddable":true,"href":"https:\/\/www.admethics.com\/br\/wp-json\/wp\/v2\/comments?post=3689"}],"version-history":[{"count":2,"href":"https:\/\/www.admethics.com\/br\/wp-json\/wp\/v2\/posts\/3689\/revisions"}],"predecessor-version":[{"id":3693,"href":"https:\/\/www.admethics.com\/br\/wp-json\/wp\/v2\/posts\/3689\/revisions\/3693"}],"wp:featuredmedia":[{"embeddable":true,"href":"https:\/\/www.admethics.com\/br\/wp-json\/wp\/v2\/media\/3690"}],"wp:attachment":[{"href":"https:\/\/www.admethics.com\/br\/wp-json\/wp\/v2\/media?parent=3689"}],"wp:term":[{"taxonomy":"category","embeddable":true,"href":"https:\/\/www.admethics.com\/br\/wp-json\/wp\/v2\/categories?post=3689"},{"taxonomy":"post_tag","embeddable":true,"href":"https:\/\/www.admethics.com\/br\/wp-json\/wp\/v2\/tags?post=3689"}],"curies":[{"name":"wp","href":"https:\/\/api.w.org\/{rel}","templated":true}]}}