{"id":3175,"date":"2021-12-07T18:58:24","date_gmt":"2021-12-07T21:58:24","guid":{"rendered":"https:\/\/www.admethics.com\/?p=3175"},"modified":"2022-02-08T14:00:47","modified_gmt":"2022-02-08T17:00:47","slug":"o-fenomeno-fake-news-e-os-seus-impactos-na-sociedade-contemporanea","status":"publish","type":"post","link":"https:\/\/www.admethics.com\/br\/o-fenomeno-fake-news-e-os-seus-impactos-na-sociedade-contemporanea\/2021\/","title":{"rendered":"O fen\u00f4meno da Fake news e seu impacto na sociedade contempor\u00e2nea"},"content":{"rendered":"\n<p>O que aconteceu para as Fake News partirem de uma simples not\u00edcia falsa que circula nas redes para um conceito com o nome e sobrenome? Como isso se tornou uma pandemia tal qual a que vivemos atualmente? Qualquer indiv\u00edduo sabe o que s\u00e3o Fake News \u2013 aquelas not\u00edcias com manchetes mirabolantes em letras garrafais, as quais noticiam palavras sensacionalistas, ou tamb\u00e9m aquelas t\u00e3o sutis e bem escritas, que podem levar o ser humano a acreditar que jacar\u00e9s voam e vacas latem. Ent\u00e3o, fica o questionamento \u2013 o que nos trouxe at\u00e9 aqui?<\/p>\n\n\n\n<p>As hip\u00f3teses ao dialogar com o passado e entender o presente (ou at\u00e9 fazer uma previs\u00e3o do futuro) s\u00e3o in\u00fameras. Diante disso, entende-se que a globaliza\u00e7\u00e3o \u00e9 um ponto forte para compreendermos esse lugar em que estamos inseridos \u2013 um processo de expans\u00e3o econ\u00f4mica, pol\u00edtica e cultural a n\u00edvel mundial, a qual tem origem no per\u00edodo das Grandes Navega\u00e7\u00f5es no s\u00e9culo XVI e que no \u00faltimo s\u00e9culo se acelerou muito por conta da Terceira Revolu\u00e7\u00e3o Industrial (Revolu\u00e7\u00e3o T\u00e9cnico-Cient\u00edfico-Informacional) com a ascens\u00e3o das tecnologias de transporte e comunica\u00e7\u00e3o (Politize!, 2017).<strong>&nbsp;<\/strong>Nessa perspectiva, a comunica\u00e7\u00e3o assistiu evolu\u00e7\u00f5es r\u00e1pidas e surpreendentes \u2013 o r\u00e1dio era o elemento central de informa\u00e7\u00e3o, assim como o jornal impresso, que depois evoluiu para televis\u00e3o e em seguida o celular (ele se originou de um \u201ctijolo\u201d sem tela e evoluiu para um aparelho que mostra a temperatura dos dias da semana e permite liga\u00e7\u00f5es de v\u00eddeo para qualquer lugar do mundo) e sem esquecer que hoje todos esses propagadores coexistem, ou seja, a informa\u00e7\u00e3o vem em excesso. Dessa forma, existe um conceito chamado \u201cinfodemia\u201d \u2013 uma epidemia de informa\u00e7\u00f5es que prejudicam a sa\u00fade mental das pessoas e dificultam o processo de tomada de decis\u00e3o do que \u00e9 certo e errado, j\u00e1 que cada vez mais o processo de receber uma not\u00edcia est\u00e1 doloroso e assustador no cen\u00e1rio de pandemia pela COVID-19.<\/p>\n\n\n\n<p>Ademais, para estarmos em um caos quanto \u00e0 dissemina\u00e7\u00e3o de informa\u00e7\u00f5es falsas e verdadeiras que se confundem umas com as outras, \u00e9 preciso entender o conceito da p\u00f3s- verdade, a qual segundo a Academia Brasileira de Letras, tem por defini\u00e7\u00e3o \u201cInforma\u00e7\u00e3o ou asser\u00e7\u00e3o que distorce deliberadamente a verdade, ou algo real, caracterizada pelo forte apelo \u00e0 emo\u00e7\u00e3o, e que, tomando como base cren\u00e7as difundidas, em detrimento de fatos apurados, tende a ser aceita como verdadeira, influenciando a opini\u00e3o p\u00fablica e comportamentos sociais.\u201d Nesse cen\u00e1rio, esse momento que vivemos criou um ambiente muito favor\u00e1vel para que not\u00edcias falsas fossem espalhadas como pestes e ouvidas pelas pessoas, al\u00e9m de se contrapor \u00e0 \u00e9tica e demonstrar o desejo dos indiv\u00edduos de ter pressa para tudo (tamb\u00e9m uma heran\u00e7a da globaliza\u00e7\u00e3o), sem excluir as not\u00edcias do cotidiano. Por conta disso, existe diferen\u00e7a entre p\u00f3s-verdade e fake News? Apostamos que esta seja, pelo menos em parte, relacionada aos tempos necess\u00e1rios para que se possa subjetivar a cadeia associativa no sentido de se tornar respons\u00e1vel por ela. Quando o trabalho que constr\u00f3i uma fake news tem um alcance em massa e \u00e9 potencializado pelas redes sociais atrav\u00e9s dos gadgets tecnol\u00f3gicos que levamos no bolso, o tempo \u00e9 imediato. Al\u00e9m da satisfa\u00e7\u00e3o do consumo dos objetos, transformados em objetos f\u00e1licos, temos tamb\u00e9m, em rela\u00e7\u00e3o aos smartphones, uma satisfa\u00e7\u00e3o de sentido como uma resposta ao sem sentido na palma da m\u00e3o. Assim, no imediatismo do consumo, o tempo da fake news nos mostra a rela\u00e7\u00e3o entre a pressa e a verdade (MIRANDA; CALDAS, 2021).<\/p>\n\n\n\n<p>Por conseguinte, observou-se que o fato de as fake News possu\u00edrem nome, sobrenome, mercado e artigos sobre adveio de um modelo de sociedade moldado pelo estouro de tecnologias, excessos de informa\u00e7\u00e3o t\u00e3o sufocantes a ponto de provocar danos mentais e discursos fundados em emo\u00e7\u00f5es e raz\u00f5es pessoais. Desse modo, fica a reflex\u00e3o do que nos seduz nessas not\u00edcias t\u00e3o bem e mal constru\u00eddas ao mesmo tempo, do que nos chama aten\u00e7\u00e3o e como podemos articular para que as fake News n\u00e3o tenham mais nome, sobrenome e import\u00e2ncia.<\/p>\n\n\n\n<p>Refer\u00eancias<\/p>\n\n\n\n<p>MIRANDA, Leonardo Lopes; CALDAS, Heloisa. Considera\u00e7\u00f5es psicanal\u00edticas sobre a p\u00f3s-verdade e as malditas fake news.&nbsp;<strong>Revista Latinoamericana de Psicopatologia Fundamental<\/strong>, S\u00e3o Paulo, v. 24, n. 3, p. 560-574, set. 2021.<\/p>\n\n\n\n<p>O que \u00e9 a Globaliza\u00e7\u00e3o?&nbsp;<strong>Politize!<\/strong>, 2017. Dispon\u00edvel em: &lt;&nbsp;<a href=\"https:\/\/www.politize.com.br\/globalizacao-o-que-e\/\">https:\/\/www.politize.com.br\/globalizacao-o-que-e\/<\/a>&gt;. Acesso em: 06 de dez. de 2021.<\/p>\n\n\n\n<p>ACADEMIA BRASILEIRA DE LETRAS (ABL). Dispon\u00edvel em: &lt;&nbsp;<a href=\"https:\/\/www.academia.org.br\/nossa-lingua\/nova-palavra\/pos-verdade\">https:\/\/www.academia.org.br\/nossa-lingua\/nova-palavra\/pos-verdade<\/a>&gt;. Acesso em: 06 de dez. de 2021.<\/p>\n\n\n\n<p>Voc\u00ea sabe o que \u00e9 Infodemia?&nbsp;<strong>Politize!<\/strong>, 2021. Dispon\u00edvel em: &lt; https:\/\/www.politize.com.br\/infodemia\/&gt;. Acesso em: 06 de dez. de 2021.&nbsp;<\/p>\n","protected":false},"excerpt":{"rendered":"<p>O que aconteceu para as Fake News partirem de uma simples not\u00edcia falsa que circula nas redes para um conceito com o nome e sobrenome? Como isso se tornou uma pandemia tal qual a que vivemos atualmente? Qualquer indiv\u00edduo sabe o que s\u00e3o Fake News \u2013 aquelas not\u00edcias com manchetes mirabolantes em letras garrafais, as [&hellip;]<\/p>\n","protected":false},"author":23,"featured_media":3176,"comment_status":"closed","ping_status":"closed","sticky":false,"template":"","format":"standard","meta":{"footnotes":""},"categories":[3,6],"tags":[445,442,443,444],"class_list":["post-3175","post","type-post","status-publish","format-standard","has-post-thumbnail","hentry","category-articles","category-opinion","tag-contemporaneo","tag-fake-news","tag-redes-sociais","tag-sociedade"],"translation":{"provider":"WPGlobus","version":"3.0.2","language":"br","enabled_languages":["en","br"],"languages":{"en":{"title":true,"content":true,"excerpt":false},"br":{"title":true,"content":true,"excerpt":false}}},"blog_post_layout_featured_media_urls":{"thumbnail":["https:\/\/www.admethics.com\/wp-content\/uploads\/2021\/12\/Imagem-fake-news-150x150.jpg",150,150,true],"full":["https:\/\/www.admethics.com\/wp-content\/uploads\/2021\/12\/Imagem-fake-news.jpg",2560,1810,false]},"categories_names":{"3":{"name":"Articles","link":"https:\/\/www.admethics.com\/br\/category\/articles\/"},"6":{"name":"Opinion","link":"https:\/\/www.admethics.com\/br\/category\/opinion\/"}},"tags_names":{"445":{"name":"Contempor\u00e2neo","link":"https:\/\/www.admethics.com\/br\/tag\/contemporaneo\/"},"442":{"name":"Fake News","link":"https:\/\/www.admethics.com\/br\/tag\/fake-news\/"},"443":{"name":"Redes Sociais","link":"https:\/\/www.admethics.com\/br\/tag\/redes-sociais\/"},"444":{"name":"Sociedade","link":"https:\/\/www.admethics.com\/br\/tag\/sociedade\/"}},"comments_number":"0","_links":{"self":[{"href":"https:\/\/www.admethics.com\/br\/wp-json\/wp\/v2\/posts\/3175","targetHints":{"allow":["GET"]}}],"collection":[{"href":"https:\/\/www.admethics.com\/br\/wp-json\/wp\/v2\/posts"}],"about":[{"href":"https:\/\/www.admethics.com\/br\/wp-json\/wp\/v2\/types\/post"}],"author":[{"embeddable":true,"href":"https:\/\/www.admethics.com\/br\/wp-json\/wp\/v2\/users\/23"}],"replies":[{"embeddable":true,"href":"https:\/\/www.admethics.com\/br\/wp-json\/wp\/v2\/comments?post=3175"}],"version-history":[{"count":4,"href":"https:\/\/www.admethics.com\/br\/wp-json\/wp\/v2\/posts\/3175\/revisions"}],"predecessor-version":[{"id":3194,"href":"https:\/\/www.admethics.com\/br\/wp-json\/wp\/v2\/posts\/3175\/revisions\/3194"}],"wp:featuredmedia":[{"embeddable":true,"href":"https:\/\/www.admethics.com\/br\/wp-json\/wp\/v2\/media\/3176"}],"wp:attachment":[{"href":"https:\/\/www.admethics.com\/br\/wp-json\/wp\/v2\/media?parent=3175"}],"wp:term":[{"taxonomy":"category","embeddable":true,"href":"https:\/\/www.admethics.com\/br\/wp-json\/wp\/v2\/categories?post=3175"},{"taxonomy":"post_tag","embeddable":true,"href":"https:\/\/www.admethics.com\/br\/wp-json\/wp\/v2\/tags?post=3175"}],"curies":[{"name":"wp","href":"https:\/\/api.w.org\/{rel}","templated":true}]}}