{"id":3019,"date":"2021-11-10T23:13:37","date_gmt":"2021-11-11T02:13:37","guid":{"rendered":"https:\/\/www.admethics.com\/?p=3019"},"modified":"2022-02-08T14:01:42","modified_gmt":"2022-02-08T17:01:42","slug":"again-a-few-words-about-the-conceptual-methodological-and-teleological-rigor-necessary-for-the-academic-way-of-life","status":"publish","type":"post","link":"https:\/\/www.admethics.com\/br\/again-a-few-words-about-the-conceptual-methodological-and-teleological-rigor-necessary-for-the-academic-way-of-life\/2021\/","title":{"rendered":"Novamente algumas palavras sobre o rigor conceitual, metodol\u00f3gico e teleol\u00f3gico necess\u00e1rio ao modo de vida acad\u00eamico"},"content":{"rendered":"\n<p>Em texto publicado recentemente, afirmei que o modo de fazer ci\u00eancia baseado no produtivismo &nbsp;tem desvirtuado a forma\u00e7\u00e3o de pesquisadores e de docentes, no \u00e2mbito das p\u00f3s-gradua\u00e7\u00f5es em administra\u00e7\u00e3o. Meu diagnostico foi o seguinte: a ampla totalidade do fazer e do produzir acad\u00eamico, que envolve atividades t\u00e3o variadas e distintas, como leituras, estudos, pesquisas, conversas, avalia\u00e7\u00f5es de artigos, participa\u00e7\u00f5es em bancas, em congressos, orienta\u00e7\u00f5es, aulas, gest\u00e3o universit\u00e1ria etc., tem sido subsumida \u00e0 \u201cprodu\u00e7\u00e3o formal\u00edstica e alienada de <em>papers<\/em>\u201d, resultando na convers\u00e3o da produ\u00e7\u00e3o acad\u00eamica em produtivismo acad\u00eamico (S\u00e1 et all, 2020, p. 172). A naturaliza\u00e7\u00e3o desse produtivismo que institui e, ao mesmo tempo, \u00e9 institu\u00eddo por uma forma espec\u00edfica de sociabilidade acad\u00eamica no \u00e2mbito da p\u00f3s-gradua\u00e7\u00e3o <em>stricto sensu<\/em> tem levado, por um lado, ao desprezo pela forma\u00e7\u00e3o pedag\u00f3gica de mestres e doutores nos cursos de p\u00f3s-gradua\u00e7\u00e3o <em>stricto sensu<\/em> e, por outro, \u00e0 deturpa\u00e7\u00e3o do que seja a forma\u00e7\u00e3o de um pesquisador, ainda que epistemologia e metodologia figurem entre as disciplinas obrigat\u00f3rias.<\/p>\n\n\n\n<p>De maneira a combater essa situa\u00e7\u00e3o patol\u00f3gica, eu e Paulo Grave temos defendido uma proposta para reabilitar o processo de forma\u00e7\u00e3o de mestres e doutores nos cursos de p\u00f3s-gradua\u00e7\u00e3o <em>stricto sensu<\/em> em administra\u00e7\u00e3o. Em linhas gerais, essa proposta consiste em uma educa\u00e7\u00e3o para a virtude (Azevedo &amp; Grave 2014; 2020). Logicamente que n\u00e3o se trata de uma educa\u00e7\u00e3o para uma virtude qualquer, mas de uma educa\u00e7\u00e3o pr\u00f3pria ao modo de vida acad\u00eamico, da\u00ed dizermos educa\u00e7\u00e3o para a virtude acad\u00eamica. Seu cerne consiste na hip\u00f3tese de que o <em>spoudaios<\/em> <em>academicus<\/em> \u00e9 um agente cujo modo de vida (acad\u00eamico) reflete o alcance de rigor conceitual, metodol\u00f3gico e teleol\u00f3gico (RCMT) no desempenho das atividades que se destinam \u00e0 constru\u00e7\u00e3o do saber administrativo, no caso, o estudo, a conversa e a pesquisa. \u00c9 a possess\u00e3o do RCMT pelo agente o ingrediente principal que viabiliza que o conhecimento administrativo por ele constru\u00eddo possa alcan\u00e7ar sua validade necess\u00e1ria perante os pares.<\/p>\n\n\n\n<p>O soci\u00f3logo Wright Mills, por exemplo, tinha clara consci\u00eancia da necessidade desse rigor na forma\u00e7\u00e3o de quem se lan\u00e7a na empreitada acad\u00eamica (e intelectual), conforme podemos depreender das passagens abaixo:<\/p>\n\n\n\n<p>Somente atrav\u00e9s de conversas em que pensadores experientes trocam informa\u00e7\u00f5es sobre suas maneiras efetivas de trabalhar \u00e9 poss\u00edvel comunicar uma no\u00e7\u00e3o \u00fatil de m\u00e9todo e teoria ao estudioso iniciante\u201d (Mills, 2009, p. 21).<\/p>\n\n\n\n<p>Numa comunidade [acad\u00eamica] &#8230; vigorosa, haveria interl\u00fadios de discuss\u00e3o entre indiv\u00edduos sobre o trabalho futuro. Tr\u00eas tipos de interl\u00fadios \u2013 sobre problemas, m\u00e9todos e teorias \u2013 deveriam resultar do trabalho de cientistas sociais, e conduzir a ele novamente; (&#8230;) \u00c9 para interl\u00fadios como esses que uma associa\u00e7\u00e3o profissional encontrar sua raz\u00e3o intelectual de ser. (Mills, 2009, p. 25).<\/p>\n\n\n\n<p>N\u00e3o sei quais s\u00e3o as plenas condi\u00e7\u00f5es sociais para a melhor produ\u00e7\u00e3o intelectual, mas certamente cercar-se de um c\u00edrculo de pessoas dispostas a ouvir e falar \u2013 e por vezes elas ter\u00e3o de ser personagens imagin\u00e1rios \u2013 \u00e9 uma delas. (Mills, 2009, p. 28).&nbsp;<\/p>\n\n\n\n<p>Opini\u00f5es como a de Mills, assim como exemplos de pessoas com as quais convivi e tenho convido \u2013 o pr\u00f3prio Paulo Grave se constitui para mim como um grande referente \u2013, fortalecem em mim a convic\u00e7\u00e3o de que o RCMT deveria instituir-se como uma qualidade de mestres e doutores em nossa \u00e1rea. Enquanto uma disposi\u00e7\u00e3o {hexis} do acad\u00eamico, este rigor est\u00e1 afeto \u00e0 busca de um certo objeto de estudo, que \u00e9 representado pelo conceito e t\u00e3o somente por ele; a de um m\u00e9todo apropriado de apreens\u00e3o de tal objeto; e a de um certo saber a que ele se refere ou que nos interessa, constitu\u00eddo por uma rela\u00e7\u00e3o \u00fanica entre o sujeito cognoscente e o objeto cognoscitivo, em um determinado modo de vida.<\/p>\n\n\n\n<p>Minha expectativa \u00e9 que, em breve, possamos finalizar nossos estudos a respeito do assunto e apresent\u00e1-los ao grande p\u00fablico. Por ora \u00e9 o que tenho a dizer.<\/p>\n\n\n\n<p><strong>Bibliografia<\/strong><\/p>\n\n\n\n<p>AZEVEDO, A.; GRAVE, P. S. Proleg\u00f4menos a toda administrologia poss\u00edvel: administra\u00e7\u00e3o &#8211; o que \u00e9 isso? <strong>Organiza\u00e7\u00f5es &amp; Sociedade<\/strong>, v. 21, n. 71, 2014, p. 695-712.<\/p>\n\n\n\n<p>AZEVEDO, A.; GRAVE, P.S. O administrador como agente virtuoso. In: SERAFIM, M.C. (Org). <strong>Virtudes e dilemas morais na administra\u00e7\u00e3o<\/strong>.Florian\u00f3polis: AdmEthics, 2020, p. 89-102.<\/p>\n\n\n\n<p>MILLS. C.W. <strong>Sobre o artesanato intelectual e outros ensaios<\/strong>. Rio de Janeiro: Jorge Zahar Ed., 2009.<\/p>\n\n\n\n<p>S\u00c1, M.; Alcadipani, R.; Azevedo, A.; Rigo, A.S.; Saraiva, L.A.S. De onde viemos, para onde vamos? Autocr\u00edticas coletivas e horizontes desej\u00e1veis aos Estudos Organizacionais no Brasil. <strong>RAE<\/strong>-Revista de Administra\u00e7\u00e3o de Empresas, v. 60, n. 2, p. 168-18, 2020.<\/p>\n\n\n\n<p><strong>Sindicato Nacional dos docentes do Ensino Superior &#8211; ANDES- SN<\/strong>. Acesso (2021), link: http:\/\/portal.andes.org.br\/andes\/print-ultimas-noticias.andes?id=9149<\/p>\n","protected":false},"excerpt":{"rendered":"<p>Em texto publicado recentemente, afirmei que o modo de fazer ci\u00eancia baseado no produtivismo &nbsp;tem desvirtuado a forma\u00e7\u00e3o de pesquisadores e de docentes, no \u00e2mbito das p\u00f3s-gradua\u00e7\u00f5es em administra\u00e7\u00e3o. Meu diagnostico foi o seguinte: a ampla totalidade do fazer e do produzir acad\u00eamico, que envolve atividades t\u00e3o variadas e distintas, como leituras, estudos, pesquisas, conversas, [&hellip;]<\/p>\n","protected":false},"author":21,"featured_media":3020,"comment_status":"closed","ping_status":"closed","sticky":false,"template":"","format":"standard","meta":{"footnotes":""},"categories":[3],"tags":[430,431,429,127],"class_list":["post-3019","post","type-post","status-publish","format-standard","has-post-thumbnail","hentry","category-articles","tag-ensino-superior","tag-pesquisa","tag-produtivismo","tag-virtudes"],"translation":{"provider":"WPGlobus","version":"3.0.2","language":"br","enabled_languages":["en","br"],"languages":{"en":{"title":true,"content":true,"excerpt":false},"br":{"title":true,"content":true,"excerpt":false}}},"blog_post_layout_featured_media_urls":{"thumbnail":["https:\/\/www.admethics.com\/wp-content\/uploads\/2021\/11\/Produtivismo-academico-e1636403867461-150x150.jpg",150,150,true],"full":["https:\/\/www.admethics.com\/wp-content\/uploads\/2021\/11\/Produtivismo-academico-e1636403867461.jpg",438,298,false]},"categories_names":{"3":{"name":"Articles","link":"https:\/\/www.admethics.com\/br\/category\/articles\/"}},"tags_names":{"430":{"name":"Ensino Superior","link":"https:\/\/www.admethics.com\/br\/tag\/ensino-superior\/"},"431":{"name":"Pesquisa","link":"https:\/\/www.admethics.com\/br\/tag\/pesquisa\/"},"429":{"name":"Produtivismo","link":"https:\/\/www.admethics.com\/br\/tag\/produtivismo\/"},"127":{"name":"virtudes","link":"https:\/\/www.admethics.com\/br\/tag\/virtudes\/"}},"comments_number":"0","_links":{"self":[{"href":"https:\/\/www.admethics.com\/br\/wp-json\/wp\/v2\/posts\/3019","targetHints":{"allow":["GET"]}}],"collection":[{"href":"https:\/\/www.admethics.com\/br\/wp-json\/wp\/v2\/posts"}],"about":[{"href":"https:\/\/www.admethics.com\/br\/wp-json\/wp\/v2\/types\/post"}],"author":[{"embeddable":true,"href":"https:\/\/www.admethics.com\/br\/wp-json\/wp\/v2\/users\/21"}],"replies":[{"embeddable":true,"href":"https:\/\/www.admethics.com\/br\/wp-json\/wp\/v2\/comments?post=3019"}],"version-history":[{"count":4,"href":"https:\/\/www.admethics.com\/br\/wp-json\/wp\/v2\/posts\/3019\/revisions"}],"predecessor-version":[{"id":3062,"href":"https:\/\/www.admethics.com\/br\/wp-json\/wp\/v2\/posts\/3019\/revisions\/3062"}],"wp:featuredmedia":[{"embeddable":true,"href":"https:\/\/www.admethics.com\/br\/wp-json\/wp\/v2\/media\/3020"}],"wp:attachment":[{"href":"https:\/\/www.admethics.com\/br\/wp-json\/wp\/v2\/media?parent=3019"}],"wp:term":[{"taxonomy":"category","embeddable":true,"href":"https:\/\/www.admethics.com\/br\/wp-json\/wp\/v2\/categories?post=3019"},{"taxonomy":"post_tag","embeddable":true,"href":"https:\/\/www.admethics.com\/br\/wp-json\/wp\/v2\/tags?post=3019"}],"curies":[{"name":"wp","href":"https:\/\/api.w.org\/{rel}","templated":true}]}}