{"id":1255,"date":"2019-07-12T17:34:35","date_gmt":"2019-07-12T17:34:35","guid":{"rendered":"https:\/\/admethics.com\/?p=1255"},"modified":"2021-02-23T20:58:22","modified_gmt":"2021-02-23T23:58:22","slug":"virtuousness-and-environment","status":"publish","type":"post","link":"https:\/\/www.admethics.com\/br\/virtuousness-and-environment\/2019\/","title":{"rendered":"Virtuosidade e sua natureza ambiental"},"content":{"rendered":"\n<h4 class=\"wp-block-heading\">Como os ambientes, organizacionais\ne naturais, podem facilitar o desenvolvimento de virtudes?<\/h4>\n\n\n\n<p>Dentre os cl\u00e1ssicos, Plat\u00e3o (427-347 a.C.) estabelece que a vida \u00e9tica \u00e9 gradativamente mais elevada pela adequa\u00e7\u00e3o desta vida \u00e0s ideias superiores (<em>eide<\/em>), an\u00e1logas \u00e0 forma do Bem. Partindo de Plat\u00e3o, Arist\u00f3teles (384-322 a.C.) nos traduz que o fim do homem \u00e9 a felicidade temporal da vida em conformidade com a raz\u00e3o, e que a virtude \u00e9 o caminho dessa felicidade. Na filosofia \u00e9tica das virtudes o foco est\u00e1 no agente, porque \u00e9 exclusivamente dele a faculdade de compreender o que \u00e9 moralmente adequado ou relevante em uma dada situa\u00e7\u00e3o. Contudo, o contexto ambiental o qual a virtude se desenvolve desempenha um papel fundamental. <\/p>\n\n\n\n<p>Nesse\nsentido, os estudos em administra\u00e7\u00e3o mais recentes t\u00eam\ndiscutido a <strong>virtuosidade<\/strong> &#8211; que corresponde as virtudes morais no\nambiente das organiza\u00e7\u00f5es. Enquanto a virtude moral diz respeito ao indiv\u00edduo, a\nvirtuosidade envolve o conceito em n\u00edvel coletivo, referem-se a contextos\norganizacionais nos quais virtudes s\u00e3o praticadas, apoiadas, alimentadas,\ndisseminadas e mantidas. Quanto mais uma organiza\u00e7\u00e3o estimula ou facilita a\nvirtude de seus membros, mais virtuosa ela \u00e9. A virtuosidade compartilha de\nelementos em comum com a responsabilidade social corporativa, cidadania\norganizacional, \u00e9tica no neg\u00f3cios e justi\u00e7a. <\/p>\n\n\n\n<p>Mauel Kaptein, professor de \u00c9tica nos\nNeg\u00f3cios da Escola de Gest\u00e3o da Universidade holandesa de Roterd\u00e3, conduziu uma\nan\u00e1lise qualitativa de 150 casos que inclu\u00edam uma variedade de tipos de\ncomportamento anti\u00e9tico de membros de organiza\u00e7\u00f5es variadas, influenciados, ao\nmenos em parte,&nbsp; pela cultura\norganizacional. Como resultado de an\u00e1lise e categoriza\u00e7\u00e3o foram encontrados\nsete fatores relacionados virtudes organizacionais que contribuem de forma\ndireta para conduta \u00e9tica de seus membros, tais como:&nbsp; <strong>Viabilidade<\/strong>, que se refere \u00e0s\ncondi\u00e7\u00f5es de trabalho dadas pela organiza\u00e7\u00e3o que facilitam ou dificultam a\nexcel\u00eancia moral no cumprimento das normas \u00e9ticas; e <strong>Sancionabilidade <\/strong>que\ndiz respeito a puni\u00e7\u00f5es diretas proferidas pela organiza\u00e7\u00e3o em resposta ao\ncomportamento anti\u00e9tico de seus membros.<\/p>\n\n\n\n<p>No texto \u201c<a href=\"https:\/\/admethics.com\/br\/in-the-face-of-nature-admiration-and-humility\/\" target=\"_blank\" rel=\"noreferrer noopener\" aria-label=\" (opens in a new tab)\">Diante da natureza \u2013 admira\u00e7\u00e3o e humildade<\/a>\u201d analisei o ambiente natural como fonte de oportunidades de desenvolvimento f\u00edsico, intelectual, moral e espiritual. Seja com a pr\u00e1tica de esportes, leituras, ou pela observa\u00e7\u00e3o de sua complexidade, da beleza \u00fanica contida nos seres vivos em intera\u00e7\u00e3o na busca pelo florescimento de suas potencialidades, estar no ambiente natural tende a exercitar virtudes. Assim como o ambiente organizacional, o ambiente natural parece conter uma virtuosidade pr\u00f3pria.&nbsp; S\u00e3o condi\u00e7\u00f5es dadas pelo contexto que estimulam ou facilitam o desenvolvimento da virtude nas pessoas.<\/p>\n\n\n\n<p>Imagine o exerc\u00edcio da virtude coragem na experi\u00eancia de navegar em mar aberto, a perder de vista a costa. A virtude da coragem exige equil\u00edbrio \u2013 um meio-termo que se afasta por um lado da covardia, por outro da temeridade, \u00e9 a justa medida entre os extremos. Aquele que teme em demasia n\u00e3o ir\u00e1 viver a rica experi\u00eancia de se afastar da costa, de observar a terra firme de um \u00e2ngulo inusitado, de enriquecer seu repert\u00f3rio de vis\u00f5es e experi\u00eancias. Em contrapartida o autoconfiante desmedido pode se expor ao risco num dia inapropriado ou mesmo se afastar demais da costa, s\u00f3 mantendo sua vida por um golpe de sorte ou miseric\u00f3rdia da natureza. A virtude da coragem deve agir com duplo efeito no combate ao medo e a soberba, encontrando o equil\u00edbrio.<\/p>\n\n\n\n<p>Nesse exemplo a virtuosidade do ambiente natural proporcionou tanto a <strong>viabilidade<\/strong>, fornecendo as condi\u00e7\u00f5es para o exerc\u00edcio de navega\u00e7\u00e3o, quanto a <strong>sancionabilidade<\/strong>, a qual puni\u00e7\u00f5es diretas do ambiente poderiam ocorrer em resposta ao comportamento inadequado de navega\u00e7\u00e3o em \u00e1guas abertas. Percebe-se que a pr\u00e1tica de atividades em ambiente natural proporciona fatores que facilitam o desenvolvimento de virtudes, a virtuosidade do ambiente natural. Esse e outros temas relacionando virtudes e meio ambiente tem sido estudado na minha tese de doutoramento no Admethics.<\/p>\n\n\n\n<h4 class=\"wp-block-heading\"><strong>Refer\u00eancias<\/strong>: <\/h4>\n\n\n\n<p>AMES, Maria Clara Figueiredo Dalla Costa; SERAFIM-SERAFIM, Maur\u00edcio Cust\u00f3dio; MARTINS-MARTINS, Felipe Fl\u00f4res. <strong>An\u00e1lise das Escalas e Medidas de Virtudes Morais Associadas \u00e0 \u00c1rea de Administra\u00e7\u00e3o e \u00c9tica Empresarial: uma Revis\u00e3o Sistem\u00e1tica<\/strong>.<\/p>\n\n\n\n<p>KAPTEIN, M.\nDeveloping and testing a measure for the ethical culture of organizations: The\ncorporate ethical virtues model. <strong>Journal of Organizational Behavior<\/strong>, v.\n29, n. 7, p. 923\u2013947, out. 2008. <\/p>\n\n\n\n<p>REALE, G. <strong>Introdu\u00e7\u00e3o a Arist\u00f3teles<\/strong>. Rio de Janeiro: Contraponto,\n2012.<\/p>\n\n\n\n<p>ZINGANO,\nMarco. <strong>As virtudes morais<\/strong>. S\u00e3o\nPaulo: WMF Martins Fontes, 2013.<\/p>\n","protected":false},"excerpt":{"rendered":"<p>Como os ambientes, organizacionais e naturais, podem facilitar o desenvolvimento de virtudes? Dentre os cl\u00e1ssicos, Plat\u00e3o (427-347 a.C.) estabelece que a vida \u00e9tica \u00e9 gradativamente mais elevada pela adequa\u00e7\u00e3o desta vida \u00e0s ideias superiores (eide), an\u00e1logas \u00e0 forma do Bem. Partindo de Plat\u00e3o, Arist\u00f3teles (384-322 a.C.) nos traduz que o fim do homem \u00e9 a [&hellip;]<\/p>\n","protected":false},"author":10,"featured_media":1231,"comment_status":"closed","ping_status":"closed","sticky":false,"template":"","format":"standard","meta":{"footnotes":""},"categories":[3],"tags":[173,127,174,129,175,171],"class_list":["post-1255","post","type-post","status-publish","format-standard","has-post-thumbnail","hentry","category-articles","tag-organizational-virtuous","tag-virtudes","tag-virtudes-organizacionais","tag-virtues","tag-virtuosidade","tag-virtuousness"],"translation":{"provider":"WPGlobus","version":"3.0.2","language":"br","enabled_languages":["en","br"],"languages":{"en":{"title":true,"content":true,"excerpt":false},"br":{"title":true,"content":true,"excerpt":false}}},"blog_post_layout_featured_media_urls":{"thumbnail":["https:\/\/www.admethics.com\/wp-content\/uploads\/2019\/07\/imagemlucas-150x150.jpg",150,150,true],"full":["https:\/\/www.admethics.com\/wp-content\/uploads\/2019\/07\/imagemlucas.jpg",1170,400,false]},"categories_names":{"3":{"name":"Articles","link":"https:\/\/www.admethics.com\/br\/category\/articles\/"}},"tags_names":{"173":{"name":"organizational virtuous","link":"https:\/\/www.admethics.com\/br\/tag\/organizational-virtuous\/"},"127":{"name":"virtudes","link":"https:\/\/www.admethics.com\/br\/tag\/virtudes\/"},"174":{"name":"virtudes organizacionais","link":"https:\/\/www.admethics.com\/br\/tag\/virtudes-organizacionais\/"},"129":{"name":"virtues","link":"https:\/\/www.admethics.com\/br\/tag\/virtues\/"},"175":{"name":"virtuosidade","link":"https:\/\/www.admethics.com\/br\/tag\/virtuosidade\/"},"171":{"name":"Virtuousness","link":"https:\/\/www.admethics.com\/br\/tag\/virtuousness\/"}},"comments_number":"0","_links":{"self":[{"href":"https:\/\/www.admethics.com\/br\/wp-json\/wp\/v2\/posts\/1255","targetHints":{"allow":["GET"]}}],"collection":[{"href":"https:\/\/www.admethics.com\/br\/wp-json\/wp\/v2\/posts"}],"about":[{"href":"https:\/\/www.admethics.com\/br\/wp-json\/wp\/v2\/types\/post"}],"author":[{"embeddable":true,"href":"https:\/\/www.admethics.com\/br\/wp-json\/wp\/v2\/users\/10"}],"replies":[{"embeddable":true,"href":"https:\/\/www.admethics.com\/br\/wp-json\/wp\/v2\/comments?post=1255"}],"version-history":[{"count":14,"href":"https:\/\/www.admethics.com\/br\/wp-json\/wp\/v2\/posts\/1255\/revisions"}],"predecessor-version":[{"id":2785,"href":"https:\/\/www.admethics.com\/br\/wp-json\/wp\/v2\/posts\/1255\/revisions\/2785"}],"wp:featuredmedia":[{"embeddable":true,"href":"https:\/\/www.admethics.com\/br\/wp-json\/wp\/v2\/media\/1231"}],"wp:attachment":[{"href":"https:\/\/www.admethics.com\/br\/wp-json\/wp\/v2\/media?parent=1255"}],"wp:term":[{"taxonomy":"category","embeddable":true,"href":"https:\/\/www.admethics.com\/br\/wp-json\/wp\/v2\/categories?post=1255"},{"taxonomy":"post_tag","embeddable":true,"href":"https:\/\/www.admethics.com\/br\/wp-json\/wp\/v2\/tags?post=1255"}],"curies":[{"name":"wp","href":"https:\/\/api.w.org\/{rel}","templated":true}]}}