{"id":1064,"date":"2019-04-05T21:28:09","date_gmt":"2019-04-05T21:28:09","guid":{"rendered":"https:\/\/admethics.com\/?p=1064"},"modified":"2021-02-23T21:02:03","modified_gmt":"2021-02-24T00:02:03","slug":"in-the-face-of-nature-admiration-and-humility","status":"publish","type":"post","link":"https:\/\/www.admethics.com\/br\/in-the-face-of-nature-admiration-and-humility\/2019\/","title":{"rendered":"Diante da natureza \u2013 admira\u00e7\u00e3o e humildade"},"content":{"rendered":"\n<p> Quais s\u00e3o as virtudes exercidas na experi\u00eancia de imers\u00e3o no ambiente natural?  <\/p>\n\n\n\n<p>\nAqueles que admiram a natureza costumam usufruir de experi\u00eancias\nest\u00e9ticas e recreativas ao estar imerso nela. Se pararmos para\nanalisar, o ambiente natural oferece oportunidades de desenvolvimento\nf\u00edsico, intelectual, moral e espiritual. Seja com a pr\u00e1tica de\nesportes, leituras, ou pela observa\u00e7\u00e3o de sua complexidade, da\nbeleza \u00fanica contida nos seres vivos em intera\u00e7\u00e3o na busca pelo\nflorescimento de suas potencialidades, estar no ambiente natural\ntende a elevar nossa experi\u00eancia do f\u00edsico ao metaf\u00edsico,\nexercitam as virtudes da contempla\u00e7\u00e3o intelectiva e sabedoria. Essa\n\u00e9 a imagem an\u00e1loga a um lindo p\u00f4r-do-sol em meio as montanhas\nescarpadas de uma serra esculpida pela natureza, entre vales, veios\nd\u2019\u00e1gua refletidos na luz dourada, a admira\u00e7\u00e3o. \n<\/p>\n\n\n\n<p>\nE se uma cabe\u00e7a d\u2019\u00e1gua \u2013 inunda\u00e7\u00e3o repentina de um rio devido\na chuvas recebidas em trechos mais altos de seu percurso \u2013\ninundasse aonde voc\u00ea contempla o entardecer, levando tudo ao longo\nde seu caminho e colocando sua vida em risco &#8230; seria essa natureza\ncrua, bruta, diferente da primeira imagem sublime? Situa\u00e7\u00f5es como\nessa trazem \u00e0 tona nosso tamanho, a magnanimidade, o respeito que\ndevemos exercer diante dos fen\u00f4menos da natureza, a humildade.<\/p>\n\n\n\n<p>\nAssim percebemos faces que se complementam. Ao mesmo tempo que a\nnatureza \u00e9 fonte b\u00e1sica de recursos, de conhecimento, recrea\u00e7\u00e3o,\nrevigoramento e experi\u00eancias espirituais, ela tamb\u00e9m \u00e9 uma amea\u00e7a\nconstante, indiferente a n\u00f3s e independente de valores humanos. Essa\ncomplexidade relacional pede por uma \u00e9tica robusta, alicer\u00e7ada na\nexperi\u00eancia, tal como a \u00e9tica das virtudes pode fornecer (SANDLER,\n2017).<\/p>\n\n\n\n<p>\nRachel Carson, Henry Thoreau e Aldo Leopold, influentes autores que\ndiscutem a rela\u00e7\u00e3o ser humano e ambiente natural parecem concordar\nque as virtudes da admira\u00e7\u00e3o e humildade acessam a ess\u00eancia do\nfen\u00f4meno. Al\u00e9m dessas virtudes, a temperan\u00e7a, simplicidade,\nperspic\u00e1cia e conex\u00e3o s\u00e3o exercidas na comunh\u00e3o com o natural.\n(WENSVEEN, 2000).<\/p>\n\n\n\n<p>\nContudo, esses benef\u00edcios s\u00e3o mais acessados por uns do que por\noutros. Por exemplo, pessoas com tra\u00e7os de admira\u00e7\u00e3o, humildade e\namor pela natureza obt\u00e9m dela com mais frequ\u00eancia est\u00edmulo,\nrenovo, conhecimento e bem-aventuran\u00e7a. J\u00e1 uma pessoa com tra\u00e7os\nde arrog\u00e2ncia, pregui\u00e7a e indiferen\u00e7a \u00e0 natureza costuma n\u00e3o\nobter esses benef\u00edcios, uma vez que est\u00e1 menos disposta a sair para\na natureza, apreciar, estudar e refletir envolto nesse ambiente.<\/p>\n\n\n\n<p>\nSendo assim, a busca pela admira\u00e7\u00e3o e humildade nos faz vivenciar\nde forma virtuosa da tempestade em alto mar at\u00e9 floresc\u00eancia\ninocente de toda uma montanha no primeiro sol de primavera. Cabe a\nn\u00f3s o cultivo da percep\u00e7\u00e3o de que a rela\u00e7\u00e3o humano-natureza se\nd\u00e1 na inter-rela\u00e7\u00e3o e coincid\u00eancia do florescimento humano em\nharmonia com o movimento e da natureza (CAFARO, 2001).<\/p>\n\n\n\n<h4 class=\"wp-block-heading\"><strong>Refer\u00eancias:\n<\/strong>\n<\/h4>\n\n\n\n<p> CAFARO, Philip. <strong>Thoreau, Leopold, and Carson: Toward an environmental virtue ethics<\/strong>.&nbsp;Environmental ethics, v. 23, n. 1, p. 3-17, 2001.<\/p>\n\n\n\n<p> SANDLER, Ronald L. <strong>Environmental Ethics: Theory in Practice<\/strong>. New York: Oxford University Press, 2017. Capitulo 10 \u201cCharacter Ethics: Virtue, Vice and the environment\u201d.<\/p>\n\n\n\n<p> VAN WENSVEEN, Louke. <strong>Dirty virtues: The emergence of ecological virtue ethics<\/strong>. 2000.<\/p>\n","protected":false},"excerpt":{"rendered":"<p>Quais s\u00e3o as virtudes exercidas na experi\u00eancia de imers\u00e3o no ambiente natural? Aqueles que admiram a natureza costumam usufruir de experi\u00eancias est\u00e9ticas e recreativas ao estar imerso nela. Se pararmos para analisar, o ambiente natural oferece oportunidades de desenvolvimento f\u00edsico, intelectual, moral e espiritual. Seja com a pr\u00e1tica de esportes, leituras, ou pela observa\u00e7\u00e3o de [&hellip;]<\/p>\n","protected":false},"author":10,"featured_media":1068,"comment_status":"closed","ping_status":"closed","sticky":false,"template":"","format":"standard","meta":{"footnotes":""},"categories":[3],"tags":[137,129],"class_list":["post-1064","post","type-post","status-publish","format-standard","has-post-thumbnail","hentry","category-articles","tag-nature","tag-virtues"],"translation":{"provider":"WPGlobus","version":"3.0.2","language":"br","enabled_languages":["en","br"],"languages":{"en":{"title":true,"content":true,"excerpt":false},"br":{"title":true,"content":true,"excerpt":false}}},"blog_post_layout_featured_media_urls":{"thumbnail":["https:\/\/www.admethics.com\/wp-content\/uploads\/2019\/04\/PicsArt_03-16-01.27.00-1-150x150.jpg",150,150,true],"full":["https:\/\/www.admethics.com\/wp-content\/uploads\/2019\/04\/PicsArt_03-16-01.27.00-1.jpg",1650,1341,false]},"categories_names":{"3":{"name":"Articles","link":"https:\/\/www.admethics.com\/br\/category\/articles\/"}},"tags_names":{"137":{"name":"nature","link":"https:\/\/www.admethics.com\/br\/tag\/nature\/"},"129":{"name":"virtues","link":"https:\/\/www.admethics.com\/br\/tag\/virtues\/"}},"comments_number":"0","_links":{"self":[{"href":"https:\/\/www.admethics.com\/br\/wp-json\/wp\/v2\/posts\/1064","targetHints":{"allow":["GET"]}}],"collection":[{"href":"https:\/\/www.admethics.com\/br\/wp-json\/wp\/v2\/posts"}],"about":[{"href":"https:\/\/www.admethics.com\/br\/wp-json\/wp\/v2\/types\/post"}],"author":[{"embeddable":true,"href":"https:\/\/www.admethics.com\/br\/wp-json\/wp\/v2\/users\/10"}],"replies":[{"embeddable":true,"href":"https:\/\/www.admethics.com\/br\/wp-json\/wp\/v2\/comments?post=1064"}],"version-history":[{"count":16,"href":"https:\/\/www.admethics.com\/br\/wp-json\/wp\/v2\/posts\/1064\/revisions"}],"predecessor-version":[{"id":2791,"href":"https:\/\/www.admethics.com\/br\/wp-json\/wp\/v2\/posts\/1064\/revisions\/2791"}],"wp:featuredmedia":[{"embeddable":true,"href":"https:\/\/www.admethics.com\/br\/wp-json\/wp\/v2\/media\/1068"}],"wp:attachment":[{"href":"https:\/\/www.admethics.com\/br\/wp-json\/wp\/v2\/media?parent=1064"}],"wp:term":[{"taxonomy":"category","embeddable":true,"href":"https:\/\/www.admethics.com\/br\/wp-json\/wp\/v2\/categories?post=1064"},{"taxonomy":"post_tag","embeddable":true,"href":"https:\/\/www.admethics.com\/br\/wp-json\/wp\/v2\/tags?post=1064"}],"curies":[{"name":"wp","href":"https:\/\/api.w.org\/{rel}","templated":true}]}}